{"id":4724,"date":"2026-04-27T10:44:07","date_gmt":"2026-04-27T10:44:07","guid":{"rendered":"https:\/\/www.weroad.de\/blog\/?p=4724"},"modified":"2026-04-28T08:56:44","modified_gmt":"2026-04-28T08:56:44","slug":"beste-reisezeit-kapverden","status":"publish","type":"post","link":"https:\/\/www.weroad.de\/blog\/beste-reisezeit-kapverden","title":{"rendered":"Beste Reisezeit Kapverden: Klima, Temperaturen und Tipps f\u00fcr jede Insel"},"content":{"rendered":"<p>Die <strong>beste Reisezeit f\u00fcr die Kapverden<\/strong> h\u00e4ngt vor allem davon ab, was du erleben m\u00f6chtest: Badeurlaub, Wandern, Surfen oder Inselhopping. Grunds\u00e4tzlich sind die Inseln fast das ganze Jahr bereisbar, denn das Klima ist warm, trocken und angenehm. Unterschiede gibt es aber bei Wind, Luftfeuchtigkeit und je nach Inselgruppe.<\/p>\n<p>Die gute Nachricht zuerst: Auf <strong>Cabo Verde<\/strong> gibt es keine klassische Schlechtwetter-Saison, bei der du tagelang traurig aus dem Hotelfenster Regen z\u00e4hlen musst. Stattdessen erwarten dich meist viel Sonne, milde Temperaturen und ein Atlantik, der selbst im Winter noch ziemlich einladend wirkt. Aber: Nicht jede Insel ist gleich, und nicht jeder Monat passt zu jedem Reisetyp.<\/p>\n<h2>Klima auf den Kapverden im \u00dcberblick<\/h2>\n<p><img loading=\"lazy\" decoding=\"async\" class=\"alignnone size-medium wp-image-4727\" src=\"https:\/\/www.weroad.de\/blog\/wp-content\/uploads\/2026\/04\/beste-reisezeit-kapverden-YxMUBI3XD_U-800x600.jpg\" alt=\"S\u00e3o Vicente, Kapverden.\" width=\"800\" height=\"600\" srcset=\"https:\/\/www.weroad.de\/blog\/wp-content\/uploads\/2026\/04\/beste-reisezeit-kapverden-YxMUBI3XD_U-800x600.jpg 800w, https:\/\/www.weroad.de\/blog\/wp-content\/uploads\/2026\/04\/beste-reisezeit-kapverden-YxMUBI3XD_U-1024x767.jpg 1024w, https:\/\/www.weroad.de\/blog\/wp-content\/uploads\/2026\/04\/beste-reisezeit-kapverden-YxMUBI3XD_U-768x576.jpg 768w, https:\/\/www.weroad.de\/blog\/wp-content\/uploads\/2026\/04\/beste-reisezeit-kapverden-YxMUBI3XD_U-1536x1151.jpg 1536w, https:\/\/www.weroad.de\/blog\/wp-content\/uploads\/2026\/04\/beste-reisezeit-kapverden-YxMUBI3XD_U.jpg 1920w\" sizes=\"auto, (max-width: 800px) 100vw, 800px\" \/><\/p>\n<p>Die Kapverden haben ein warmes, trockenes, subtropisches Klima mit geringen Temperaturschwankungen. Das Wetter wird stark vom Nordostpassat beeinflusst. Deshalb bleibt es meist angenehm, auch wenn das Thermometer steigt. Grob gibt es eine windige Trockenzeit und eine kurze, eher schwache Regenzeit.<\/p>\n<p>Die Inselgruppe liegt rund 500 Kilometer vor der westafrikanischen K\u00fcste und wird oft mit den <strong>Kanaren<\/strong> verglichen. Tats\u00e4chlich sind die <strong>Kapverden oft etwas w\u00e4rmer und trockener als die Kanaren<\/strong>, vor allem im Herbst. W\u00e4hrend auf den Kanaren eher \u201eewiger Fr\u00fchling\u201c herrscht, f\u00fchlen sich die Kapverden oft eher nach \u201eSommer mit eingebautem Ventilator\u201c an.<\/p>\n<ul>\n<li><strong>Trockenere, windige Zeit:<\/strong> etwa von November bis Juli<\/li>\n<li><strong>Regenzeit:<\/strong> etwa von August bis Oktober<\/li>\n<li><strong>Lufttemperaturen:<\/strong> meist zwischen 23 und 30 \u00b0C<\/li>\n<li><strong>Wassertemperaturen:<\/strong> meist zwischen 22 und 27 \u00b0C<\/li>\n<li><strong>Regentage:<\/strong> insgesamt sehr wenige im Jahresverlauf<\/li>\n<\/ul>\n<h2>Wann ist die beste Reisezeit f\u00fcr die Kapverden?<\/h2>\n<p>F\u00fcr die meisten Reisenden gelten die Monate von <strong>November bis Juni<\/strong> als beste Reisezeit f\u00fcr die Kapverden. In dieser Phase ist es \u00fcberwiegend trocken, sonnig und angenehm warm. F\u00fcr Badeurlaub sind auch M\u00e4rz bis Juni sowie Oktober bis Dezember sehr gut, f\u00fcr Wanderungen eher die k\u00fchleren Monate.<\/p>\n<p>Wenn du es unkompliziert magst, merke dir einfach diese Faustregel: <strong>April, Mai, November und Dezember<\/strong> sind echte Allround-Monate. Nicht zu hei\u00df, wenig Regen, gute Bedingungen f\u00fcr Strand, Ausfl\u00fcge und aktive Tage. Also genau die Zeit, in der man morgens wandert, nachmittags badet und abends sehr \u00fcberzeugt behauptet, man sei \u201eeigentlich gar nicht der Strandtyp\u201c.<\/p>\n<h3>Beste Monate je nach Urlaubsart<\/h3>\n<p>Die ideale Reisezeit richtet sich nach deinen Pl\u00e4nen. F\u00fcr Strandurlaub, Surfen oder Trekking sind unterschiedliche Monate besonders geeignet. Deshalb lohnt sich ein Blick auf die Aktivit\u00e4ten, statt nur auf die Durchschnittstemperatur zu schauen.<\/p>\n<ul>\n<li><strong>Badeurlaub:<\/strong> M\u00e4rz bis Juni, Oktober bis Dezember<\/li>\n<li><strong>Wandern und Aktivurlaub:<\/strong> November bis Mai<\/li>\n<li><strong>Surfen und Kitesurfen:<\/strong> November bis M\u00e4rz, teils auch bis Juli<\/li>\n<li><strong>Inselhopping:<\/strong> November bis Juni<\/li>\n<li><strong>Ruhigere Reisezeit:<\/strong> April, Mai, November<\/li>\n<\/ul>\n<h2>Regenzeit, Wind und M\u00fccken: Was du wissen solltest<\/h2>\n<p>Die Monate August bis Oktober gelten als Regenzeit, wobei der Niederschlag meist kurz und lokal begrenzt ist. Komplett meiden musst du diese Zeit nicht, aber sie ist weniger ideal f\u00fcr planungsintensive Aktivurlaube. Gleichzeitig steigen Luftfeuchtigkeit und die Wahrscheinlichkeit f\u00fcr M\u00fccken, besonders nach Schauern.<\/p>\n<p>Wer fragt, <strong>wann man Kap Verde besser nicht besuchen sollte<\/strong>, bekommt keine dramatische Antwort. Es ist eher ein \u201ekommt drauf an\u201c. Wenn du maximale Wettersicherheit willst, sind <strong>September und teils Oktober<\/strong> die schw\u00e4chsten Monate. Nicht, weil Weltuntergang droht, sondern weil es schw\u00fcler sein kann, etwas wolkiger wird und Wanderstiefel bei feuchter Hitze nicht gerade Gl\u00fcckshormone ausl\u00f6sen.<\/p>\n<p>Auch das Thema <strong>M\u00fcckenzeit auf den Kapverden<\/strong> ist \u00fcberschaubar, aber relevant: Vor allem in und kurz nach der Regenzeit, also zwischen <strong>August und Oktober<\/strong>, solltest du an guten M\u00fcckenschutz denken. Auf den trockenen Inseln wie <strong>Sal<\/strong> oder <strong>Boa Vista<\/strong> ist das Problem meist geringer als auf gr\u00fcnere, feuchtere Inseln wie <strong>Santiago<\/strong> oder <strong>Santo Ant\u00e3o<\/strong>.<\/p>\n<p>Wenn du wissen m\u00f6chtest, <strong>wann am wenigsten Wind auf den Kapverden<\/strong> herrscht: Besonders ruhig ist es oft in <strong>Mai, Juni sowie teilweise September und Oktober<\/strong>. F\u00fcr entspannten Badeurlaub kann das angenehm sein, f\u00fcr Kiter und Windsurfer dagegen fast schon tragisch.<\/p>\n<h2>Beste Reisezeit nach Insel<\/h2>\n<p>Die Kapverden bestehen aus sehr unterschiedlichen Inseln. W\u00e4hrend Sal und Boa Vista f\u00fcr Strand und Wassersport stehen, sind Santo Ant\u00e3o, Santiago und Fogo spannender f\u00fcr Wanderungen und Naturerlebnisse. Deshalb sollte die Reisezeit immer auch zur jeweiligen Insel passen.<\/p>\n<figure class=\"wp-block-table\">\n<table class=\"has-fixed-layout\">\n<thead>\n<tr>\n<th>Insel<\/th>\n<th>Ideal f\u00fcr<\/th>\n<th>Beste Reisezeit<\/th>\n<\/tr>\n<\/thead>\n<tbody>\n<tr>\n<td><strong>Sal<\/strong><\/td>\n<td>Strand, Kitesurfen, Badeurlaub<\/td>\n<td>M\u00e4rz bis Juni, Oktober bis Dezember<\/td>\n<\/tr>\n<tr>\n<td><strong>Boa Vista<\/strong><\/td>\n<td>Str\u00e4nde, Ruhe, Wassersport<\/td>\n<td>M\u00e4rz bis Juni, Oktober bis Dezember<\/td>\n<\/tr>\n<tr>\n<td><strong>Santo Ant\u00e3o<\/strong><\/td>\n<td>Wandern, Natur, T\u00e4ler<\/td>\n<td>November bis Mai<\/td>\n<\/tr>\n<tr>\n<td><strong>S\u00e3o Vicente<\/strong><\/td>\n<td>Kultur, Musik, Stadtflair, Ausfl\u00fcge<\/td>\n<td>November bis Juni<\/td>\n<\/tr>\n<tr>\n<td><strong>Santiago<\/strong><\/td>\n<td>Kultur, Berge, Mischung aus Strand und Aktivurlaub<\/td>\n<td>November bis Mai<\/td>\n<\/tr>\n<tr>\n<td><strong>Fogo<\/strong><\/td>\n<td>Vulkan, Trekking, Landschaften<\/td>\n<td>November bis April<\/td>\n<\/tr>\n<tr>\n<td><strong>Maio<\/strong><\/td>\n<td>Ruhe, Str\u00e4nde, Entschleunigung<\/td>\n<td>M\u00e4rz bis Juni, Oktober bis Dezember<\/td>\n<\/tr>\n<\/tbody>\n<\/table>\n<\/figure>\n<h3>Sal und Boa Vista<\/h3>\n<p>F\u00fcr klassische Strandferien sind Sal und Boa Vista die besten Adressen. Beide Inseln sind trocken, sonnig und relativ flach. Besonders angenehm sind Fr\u00fchling und Sp\u00e4therbst, wenn es warm, aber nicht dr\u00fcckend hei\u00df ist und der Wind meist moderat bleibt.<\/p>\n<p>Hier findest du die typischen Postkartenmotive: helle Sandstr\u00e4nde, t\u00fcrkisfarbenes Wasser und Hotels, bei denen man kurz vergisst, welcher Wochentag ist. Im Winter kann es windiger sein, was super f\u00fcr Wassersport ist, aber weniger charmant, wenn dein Strandtuch spontan Richtung Senegal abhebt.<\/p>\n<h3>Santo Ant\u00e3o, Santiago und Fogo<\/h3>\n<p>Diese Inseln sind ideal f\u00fcr Aktivurlauber. Die angenehmsten Bedingungen f\u00fcr Wanderungen und Erkundungen bieten die trockeneren, milderen Monate von November bis Mai. Dann ist es nicht zu hei\u00df, und die Wege sind in der Regel gut begehbar.<\/p>\n<p><strong>Santo Ant\u00e3o<\/strong> begeistert mit gr\u00fcnen T\u00e4lern und spektakul\u00e4ren K\u00fcstenwegen, <strong>Fogo<\/strong> mit Vulkanlandschaft und schwarzer Erde, <strong>Santiago<\/strong> mit Kultur und Gebirge. Kurz gesagt: Hier wird nicht nur gebadet, hier wird geschwitzt \u2013 aber auf die sch\u00f6ne Art, mit Aussicht und verdientem Abendessen.<\/p>\n<h2>Kapverden im Jahresverlauf<\/h2>\n<p>Wer die Kapverden monatsgenau planen m\u00f6chte, sollte Temperatur, Wind und Regen zusammen betrachten. Insgesamt sind die Unterschiede kleiner als in vielen anderen Reisezielen, aber f\u00fcr bestimmte Aktivit\u00e4ten trotzdem entscheidend.<\/p>\n<figure class=\"wp-block-table\">\n<table class=\"has-fixed-layout\">\n<thead>\n<tr>\n<th>Monate<\/th>\n<th>Wettercharakter<\/th>\n<th>Empfehlung<\/th>\n<\/tr>\n<\/thead>\n<tbody>\n<tr>\n<td>Januar bis M\u00e4rz<\/td>\n<td>Mild, trocken, teils windig<\/td>\n<td>Wandern, Baden, Surfen<\/td>\n<\/tr>\n<tr>\n<td>April bis Juni<\/td>\n<td>Warm, sonnig, meist trocken<\/td>\n<td>Beste Allround-Zeit<\/td>\n<\/tr>\n<tr>\n<td>Juli bis August<\/td>\n<td>W\u00e4rmer, teils windig, steigende Luftfeuchtigkeit<\/td>\n<td>Strand, Wassersport<\/td>\n<\/tr>\n<tr>\n<td>September bis Oktober<\/td>\n<td>Hei\u00df, etwas feuchter, kurze Schauer m\u00f6glich<\/td>\n<td>Nur bedingt ideal<\/td>\n<\/tr>\n<tr>\n<td>November bis Dezember<\/td>\n<td>Warm, trocken, angenehm<\/td>\n<td>Sehr gute Reisezeit<\/td>\n<\/tr>\n<\/tbody>\n<\/table>\n<\/figure>\n<h2>Praktische Tipps f\u00fcr die Reiseplanung<\/h2>\n<p>F\u00fcr eine Reise auf die Kapverden solltest du dich nicht nur nach dem Wetter richten, sondern auch nach Insel, Aktivit\u00e4ten und Windverh\u00e4ltnissen. Wer flexibel reist, findet in der Nebensaison oft angenehmere Preise und mehr Ruhe.<\/p>\n<p>Ein paar Dinge geh\u00f6ren definitiv ins Gep\u00e4ck: Sonnenschutz, leichte Kleidung, eine d\u00fcnne Jacke f\u00fcr windige Abende und bei Reisen in der Regenzeit M\u00fcckenschutz. F\u00fcr Wanderinseln sind feste Schuhe sinnvoll, auch wenn du dir auf Instagram vielleicht lieber in Sandalen am Vulkanrand gefallen w\u00fcrdest. Die Realit\u00e4t hat da manchmal eigene Pl\u00e4ne.<\/p>\n<ul>\n<li><strong>F\u00fcr Strandurlaub:<\/strong> windgesch\u00fctzte Unterk\u00fcnfte und Badestr\u00e4nde pr\u00fcfen<\/li>\n<li><strong>F\u00fcr Wanderreisen:<\/strong> morgens starten, Sonnenschutz nicht vergessen<\/li>\n<li><strong>F\u00fcr Inselhopping:<\/strong> Puffertage einplanen, da Inlandsverbindungen wetterabh\u00e4ngig sein k\u00f6nnen<\/li>\n<li><strong>F\u00fcr Reisen im Sp\u00e4tsommer:<\/strong> M\u00fcckenspray und luftige Kleidung mitnehmen<\/li>\n<li><strong>F\u00fcr Winterreisen:<\/strong> auf windige Bedingungen an den K\u00fcsten achten<\/li>\n<\/ul>\n<h2>Fazit zur besten Reisezeit f\u00fcr die Kapverden<\/h2>\n<p><img loading=\"lazy\" decoding=\"async\" class=\"alignnone size-medium wp-image-4728\" src=\"https:\/\/www.weroad.de\/blog\/wp-content\/uploads\/2026\/04\/beste-reisezeit-kapverden-jS0PsHhFFgU-800x533.jpg\" alt=\"Ilha do Sal, Kapverden.\" width=\"800\" height=\"533\" srcset=\"https:\/\/www.weroad.de\/blog\/wp-content\/uploads\/2026\/04\/beste-reisezeit-kapverden-jS0PsHhFFgU-800x533.jpg 800w, https:\/\/www.weroad.de\/blog\/wp-content\/uploads\/2026\/04\/beste-reisezeit-kapverden-jS0PsHhFFgU-1024x683.jpg 1024w, https:\/\/www.weroad.de\/blog\/wp-content\/uploads\/2026\/04\/beste-reisezeit-kapverden-jS0PsHhFFgU-768x512.jpg 768w, https:\/\/www.weroad.de\/blog\/wp-content\/uploads\/2026\/04\/beste-reisezeit-kapverden-jS0PsHhFFgU-1536x1024.jpg 1536w, https:\/\/www.weroad.de\/blog\/wp-content\/uploads\/2026\/04\/beste-reisezeit-kapverden-jS0PsHhFFgU.jpg 1920w\" sizes=\"auto, (max-width: 800px) 100vw, 800px\" \/><\/p>\n<p>Die Kapverden sind ein Ganzjahresziel mit besonders guten Bedingungen von November bis Juni. Welche Reisezeit ideal ist, h\u00e4ngt von deinem Reiseziel und Urlaubsstil ab. F\u00fcr Strandurlaub empfehlen sich Sal und Boa Vista im Fr\u00fchling oder Sp\u00e4therbst, f\u00fcr Wanderreisen eher die k\u00fchleren, trockenen Monate.<\/p>\n<p>Unterm Strich gilt: Es gibt kaum eine wirklich schlechte Zeit f\u00fcr <strong>Kap Verde<\/strong>, nur passendere und weniger passende Monate f\u00fcr bestimmte Pl\u00e4ne. Wer Sonne, Wind, Meer und eine entspannte Mischung aus Afrika, Atlantik und kreolischer Lebensfreude sucht, ist hier ziemlich sicher richtig. Und wenn du das Inselabenteuer nicht allein planen willst, solltest du unbedingt die <a href=\"https:\/\/www.weroad.de\/reiseziele\/kap-verde-insel-sal\"><strong>WeRoad Gruppenreisen auf die Kapverden<\/strong><\/a> entdecken.<\/p>\n    <section class=\"faq not-prose rounded-lg py-7.5 px-5 flex flex-col gap-y-8 bg-violet\">\n              <h2 class=\"text-gray-900\">FAQ<\/h2>\n\n      \n      <dl class=\"space-y-4\">\n                  <details class=\"faq__item group rounded-[0.625rem]  bg-white\/50 overflow-hidden px-4 py-2.5\">\n            <summary class=\"faq__question flex items-center justify-between gap-4 cursor-pointer  text-gray-900 font-semibold text-base select-none list-none transition-colors lg:text-lg\">\n              <dt>Sind die Kapverden w\u00e4rmer als die Kanaren?<\/dt>\n              \n              <span class=\"flex-shrink-0 w-4 h-4 flex items-center justify-center text-gray-700 transition-transform duration-200 group-open:rotate-180\" aria-hidden=\"true\">\n                <svg xmlns=\"http:\/\/www.w3.org\/2000\/svg\" class=\"w-2 h-2!\" fill=\"none\" viewBox=\"0 0 24 24\" stroke=\"currentColor\" stroke-width=\"1.75\">\n                  <path stroke-linecap=\"round\" stroke-linejoin=\"round\" d=\"M19 9l-7 7-7-7\" \/>\n                <\/svg>\n              <\/span>\n            <\/summary>\n            <dd class=\"faq__answer prose prose-sm max-w-none text-gray-800 mt-2.5\" >\n              <p>Ja, im Schnitt sind die Kapverden oft etwas w\u00e4rmer und deutlich trockener als die Kanaren, besonders im Sp\u00e4tsommer und Herbst.<\/p>\n            <\/dd>\n          <\/details>\n                  <details class=\"faq__item group rounded-[0.625rem]  bg-white\/50 overflow-hidden px-4 py-2.5\">\n            <summary class=\"faq__question flex items-center justify-between gap-4 cursor-pointer  text-gray-900 font-semibold text-base select-none list-none transition-colors lg:text-lg\">\n              <dt>Kann man auf den Kapverden im Winter baden?<\/dt>\n              \n              <span class=\"flex-shrink-0 w-4 h-4 flex items-center justify-center text-gray-700 transition-transform duration-200 group-open:rotate-180\" aria-hidden=\"true\">\n                <svg xmlns=\"http:\/\/www.w3.org\/2000\/svg\" class=\"w-2 h-2!\" fill=\"none\" viewBox=\"0 0 24 24\" stroke=\"currentColor\" stroke-width=\"1.75\">\n                  <path stroke-linecap=\"round\" stroke-linejoin=\"round\" d=\"M19 9l-7 7-7-7\" \/>\n                <\/svg>\n              <\/span>\n            <\/summary>\n            <dd class=\"faq__answer prose prose-sm max-w-none text-gray-800 mt-2.5\" >\n              <p>Ja, das ist problemlos m\u00f6glich. Die Wassertemperaturen liegen meist zwischen 22 und 24 \u00b0C, die Luft ist tags\u00fcber angenehm warm.<\/p>\n            <\/dd>\n          <\/details>\n                  <details class=\"faq__item group rounded-[0.625rem]  bg-white\/50 overflow-hidden px-4 py-2.5\">\n            <summary class=\"faq__question flex items-center justify-between gap-4 cursor-pointer  text-gray-900 font-semibold text-base select-none list-none transition-colors lg:text-lg\">\n              <dt>Welche Insel der Kapverden ist am besten f\u00fcr Wanderurlaub?<\/dt>\n              \n              <span class=\"flex-shrink-0 w-4 h-4 flex items-center justify-center text-gray-700 transition-transform duration-200 group-open:rotate-180\" aria-hidden=\"true\">\n                <svg xmlns=\"http:\/\/www.w3.org\/2000\/svg\" class=\"w-2 h-2!\" fill=\"none\" viewBox=\"0 0 24 24\" stroke=\"currentColor\" stroke-width=\"1.75\">\n                  <path stroke-linecap=\"round\" stroke-linejoin=\"round\" d=\"M19 9l-7 7-7-7\" \/>\n                <\/svg>\n              <\/span>\n            <\/summary>\n            <dd class=\"faq__answer prose prose-sm max-w-none text-gray-800 mt-2.5\" >\n              <p>Besonders beliebt sind Santo Ant\u00e3o und Fogo. Auch Santiago eignet sich sehr gut f\u00fcr aktive Reisen mit Natur- und Kulturerlebnissen.<\/p>\n            <\/dd>\n          <\/details>\n                  <details class=\"faq__item group rounded-[0.625rem]  bg-white\/50 overflow-hidden px-4 py-2.5\">\n            <summary class=\"faq__question flex items-center justify-between gap-4 cursor-pointer  text-gray-900 font-semibold text-base select-none list-none transition-colors lg:text-lg\">\n              <dt>Welche Monate sind f\u00fcr Sal und Boa Vista am besten?<\/dt>\n              \n              <span class=\"flex-shrink-0 w-4 h-4 flex items-center justify-center text-gray-700 transition-transform duration-200 group-open:rotate-180\" aria-hidden=\"true\">\n                <svg xmlns=\"http:\/\/www.w3.org\/2000\/svg\" class=\"w-2 h-2!\" fill=\"none\" viewBox=\"0 0 24 24\" stroke=\"currentColor\" stroke-width=\"1.75\">\n                  <path stroke-linecap=\"round\" stroke-linejoin=\"round\" d=\"M19 9l-7 7-7-7\" \/>\n                <\/svg>\n              <\/span>\n            <\/summary>\n            <dd class=\"faq__answer prose prose-sm max-w-none text-gray-800 mt-2.5\" >\n              <p>F\u00fcr Badeurlaub und entspanntes Inselgef\u00fchl sind vor allem M\u00e4rz bis Juni sowie Oktober bis Dezember ideal.<\/p>\n            <\/dd>\n          <\/details>\n                  <details class=\"faq__item group rounded-[0.625rem]  bg-white\/50 overflow-hidden px-4 py-2.5\">\n            <summary class=\"faq__question flex items-center justify-between gap-4 cursor-pointer  text-gray-900 font-semibold text-base select-none list-none transition-colors lg:text-lg\">\n              <dt>Muss man die Regenzeit auf den Kapverden vermeiden?<\/dt>\n              \n              <span class=\"flex-shrink-0 w-4 h-4 flex items-center justify-center text-gray-700 transition-transform duration-200 group-open:rotate-180\" aria-hidden=\"true\">\n                <svg xmlns=\"http:\/\/www.w3.org\/2000\/svg\" class=\"w-2 h-2!\" fill=\"none\" viewBox=\"0 0 24 24\" stroke=\"currentColor\" stroke-width=\"1.75\">\n                  <path stroke-linecap=\"round\" stroke-linejoin=\"round\" d=\"M19 9l-7 7-7-7\" \/>\n                <\/svg>\n              <\/span>\n            <\/summary>\n            <dd class=\"faq__answer prose prose-sm max-w-none text-gray-800 mt-2.5\" >\n              <p>Nicht zwingend. Die Regenzeit ist meist kurz und wenig intensiv, aber f\u00fcr maximale Wettersicherheit sind andere Monate besser geeignet.<\/p>\n            <\/dd>\n          <\/details>\n              <\/dl>\n    <\/section>\n    \n","protected":false},"excerpt":{"rendered":"<p>Beste Reisezeit Kapverden: Erfahre, wann sich Sal, Boa Vista, Santo Ant\u00e3o &#038; Co. f\u00fcr Baden, Wandern und Surfen am besten eignen.<\/p>\n","protected":false},"author":3,"featured_media":4726,"comment_status":"closed","ping_status":"open","sticky":false,"template":"","format":"standard","meta":{"_acf_changed":false,"footnotes":""},"categories":[53],"mete":[100],"class_list":["post-4724","post","type-post","status-publish","format-standard","has-post-thumbnail","hentry","category-beste-reisezeit","mete-afrika"],"acf":[],"yoast_head":"<!-- This site is optimized with the Yoast SEO plugin v26.8 - https:\/\/yoast.com\/product\/yoast-seo-wordpress\/ -->\n<title>Beste Reisezeit Kapverden: Klima, Inseln &amp; Tipps | WeRoad<\/title>\n<meta name=\"description\" content=\"Wann sind die Kapverden am sch\u00f6nsten? Entdecke Klima, Temperaturen und die beste Reisezeit f\u00fcr jede Insel \u2013 mit praktischen Tipps.\" \/>\n<meta name=\"robots\" content=\"index, follow, max-snippet:-1, max-image-preview:large, max-video-preview:-1\" \/>\n<link rel=\"canonical\" href=\"https:\/\/www.weroad.de\/blog\/beste-reisezeit-kapverden\" \/>\n<meta property=\"og:locale\" content=\"de_DE\" \/>\n<meta property=\"og:type\" content=\"article\" \/>\n<meta property=\"og:title\" content=\"Beste Reisezeit Kapverden: Klima, Inseln &amp; Tipps | WeRoad\" \/>\n<meta property=\"og:description\" content=\"Wann sind die Kapverden am sch\u00f6nsten? Entdecke Klima, Temperaturen und die beste Reisezeit f\u00fcr jede Insel \u2013 mit praktischen Tipps.\" \/>\n<meta property=\"og:url\" content=\"https:\/\/www.weroad.de\/blog\/beste-reisezeit-kapverden\" \/>\n<meta property=\"og:site_name\" content=\"Stories\" \/>\n<meta property=\"article:publisher\" content=\"https:\/\/www.facebook.com\/WeRoadDe\/\" \/>\n<meta property=\"article:published_time\" content=\"2026-04-27T10:44:07+00:00\" \/>\n<meta property=\"og:image\" content=\"https:\/\/www.weroad.de\/blog\/wp-content\/uploads\/2026\/04\/beste-reisezeit-kapverden-Zynvc.jpg\" \/>\n\t<meta property=\"og:image:width\" content=\"1920\" \/>\n\t<meta property=\"og:image:height\" content=\"1277\" \/>\n\t<meta property=\"og:image:type\" content=\"image\/jpeg\" \/>\n<meta name=\"author\" content=\"WeRoad Team\" \/>\n<meta name=\"twitter:card\" content=\"summary_large_image\" \/>\n<meta name=\"twitter:label1\" content=\"Verfasst von\" \/>\n\t<meta name=\"twitter:data1\" content=\"WeRoad Team\" \/>\n\t<meta name=\"twitter:label2\" content=\"Gesch\u00e4tzte Lesezeit\" \/>\n\t<meta name=\"twitter:data2\" content=\"8\u00a0Minuten\" \/>\n<script type=\"application\/ld+json\" class=\"yoast-schema-graph\">{\"@context\":\"https:\/\/schema.org\",\"@graph\":[{\"@type\":\"Article\",\"@id\":\"https:\/\/www.weroad.de\/blog\/beste-reisezeit-kapverden#article\",\"isPartOf\":{\"@id\":\"https:\/\/www.weroad.de\/blog\/beste-reisezeit-kapverden\"},\"author\":{\"name\":\"WeRoad Team\",\"@id\":\"https:\/\/www.weroad.de\/blog\/#\/schema\/person\/8324f78b72cf1c62146e3903f16720d0\"},\"headline\":\"Beste Reisezeit Kapverden: Klima, Temperaturen und Tipps f\u00fcr jede Insel\",\"datePublished\":\"2026-04-27T10:44:07+00:00\",\"mainEntityOfPage\":{\"@id\":\"https:\/\/www.weroad.de\/blog\/beste-reisezeit-kapverden\"},\"wordCount\":1343,\"image\":{\"@id\":\"https:\/\/www.weroad.de\/blog\/beste-reisezeit-kapverden#primaryimage\"},\"thumbnailUrl\":\"https:\/\/www.weroad.de\/blog\/wp-content\/uploads\/2026\/04\/beste-reisezeit-kapverden-Zynvc.jpg\",\"articleSection\":[\"Beste Reisezeit\"],\"inLanguage\":\"de\"},{\"@type\":\"WebPage\",\"@id\":\"https:\/\/www.weroad.de\/blog\/beste-reisezeit-kapverden\",\"url\":\"https:\/\/www.weroad.de\/blog\/beste-reisezeit-kapverden\",\"name\":\"Beste Reisezeit Kapverden: Klima, Inseln & Tipps | WeRoad\",\"isPartOf\":{\"@id\":\"https:\/\/www.weroad.de\/blog\/#website\"},\"primaryImageOfPage\":{\"@id\":\"https:\/\/www.weroad.de\/blog\/beste-reisezeit-kapverden#primaryimage\"},\"image\":{\"@id\":\"https:\/\/www.weroad.de\/blog\/beste-reisezeit-kapverden#primaryimage\"},\"thumbnailUrl\":\"https:\/\/www.weroad.de\/blog\/wp-content\/uploads\/2026\/04\/beste-reisezeit-kapverden-Zynvc.jpg\",\"datePublished\":\"2026-04-27T10:44:07+00:00\",\"author\":{\"@id\":\"https:\/\/www.weroad.de\/blog\/#\/schema\/person\/8324f78b72cf1c62146e3903f16720d0\"},\"description\":\"Wann sind die Kapverden am sch\u00f6nsten? Entdecke Klima, Temperaturen und die beste Reisezeit f\u00fcr jede Insel \u2013 mit praktischen Tipps.\",\"breadcrumb\":{\"@id\":\"https:\/\/www.weroad.de\/blog\/beste-reisezeit-kapverden#breadcrumb\"},\"inLanguage\":\"de\",\"potentialAction\":[{\"@type\":\"ReadAction\",\"target\":[\"https:\/\/www.weroad.de\/blog\/beste-reisezeit-kapverden\"]}]},{\"@type\":\"ImageObject\",\"inLanguage\":\"de\",\"@id\":\"https:\/\/www.weroad.de\/blog\/beste-reisezeit-kapverden#primaryimage\",\"url\":\"https:\/\/www.weroad.de\/blog\/wp-content\/uploads\/2026\/04\/beste-reisezeit-kapverden-Zynvc.jpg\",\"contentUrl\":\"https:\/\/www.weroad.de\/blog\/wp-content\/uploads\/2026\/04\/beste-reisezeit-kapverden-Zynvc.jpg\",\"width\":1920,\"height\":1277},{\"@type\":\"BreadcrumbList\",\"@id\":\"https:\/\/www.weroad.de\/blog\/beste-reisezeit-kapverden#breadcrumb\",\"itemListElement\":[{\"@type\":\"ListItem\",\"position\":1,\"name\":\"Home\",\"item\":\"https:\/\/www.weroad.de\/blog\/\"},{\"@type\":\"ListItem\",\"position\":2,\"name\":\"Beste Reisezeit Kapverden: Klima, Temperaturen und Tipps f\u00fcr jede Insel\"}]},{\"@type\":\"WebSite\",\"@id\":\"https:\/\/www.weroad.de\/blog\/#website\",\"url\":\"https:\/\/www.weroad.de\/blog\/\",\"name\":\"Stories\",\"description\":\"A blog by WeRoad\",\"potentialAction\":[{\"@type\":\"SearchAction\",\"target\":{\"@type\":\"EntryPoint\",\"urlTemplate\":\"https:\/\/www.weroad.de\/blog\/?s={search_term_string}\"},\"query-input\":{\"@type\":\"PropertyValueSpecification\",\"valueRequired\":true,\"valueName\":\"search_term_string\"}}],\"inLanguage\":\"de\"},{\"@type\":\"Person\",\"@id\":\"https:\/\/www.weroad.de\/blog\/#\/schema\/person\/8324f78b72cf1c62146e3903f16720d0\",\"name\":\"WeRoad Team\",\"image\":{\"@type\":\"ImageObject\",\"inLanguage\":\"de\",\"@id\":\"https:\/\/www.weroad.de\/blog\/#\/schema\/person\/image\/\",\"url\":\"https:\/\/secure.gravatar.com\/avatar\/29551bd254dd2356c2ccb2eb558e1779?s=96&d=mm&r=g\",\"contentUrl\":\"https:\/\/secure.gravatar.com\/avatar\/29551bd254dd2356c2ccb2eb558e1779?s=96&d=mm&r=g\",\"caption\":\"WeRoad Team\"}}]}<\/script>\n<!-- \/ Yoast SEO plugin. -->","yoast_head_json":{"title":"Beste Reisezeit Kapverden: Klima, Inseln & Tipps | WeRoad","description":"Wann sind die Kapverden am sch\u00f6nsten? Entdecke Klima, Temperaturen und die beste Reisezeit f\u00fcr jede Insel \u2013 mit praktischen Tipps.","robots":{"index":"index","follow":"follow","max-snippet":"max-snippet:-1","max-image-preview":"max-image-preview:large","max-video-preview":"max-video-preview:-1"},"canonical":"https:\/\/www.weroad.de\/blog\/beste-reisezeit-kapverden","og_locale":"de_DE","og_type":"article","og_title":"Beste Reisezeit Kapverden: Klima, Inseln & Tipps | WeRoad","og_description":"Wann sind die Kapverden am sch\u00f6nsten? Entdecke Klima, Temperaturen und die beste Reisezeit f\u00fcr jede Insel \u2013 mit praktischen Tipps.","og_url":"https:\/\/www.weroad.de\/blog\/beste-reisezeit-kapverden","og_site_name":"Stories","article_publisher":"https:\/\/www.facebook.com\/WeRoadDe\/","article_published_time":"2026-04-27T10:44:07+00:00","og_image":[{"width":1920,"height":1277,"url":"https:\/\/www.weroad.de\/blog\/wp-content\/uploads\/2026\/04\/beste-reisezeit-kapverden-Zynvc.jpg","type":"image\/jpeg"}],"author":"WeRoad Team","twitter_card":"summary_large_image","twitter_misc":{"Verfasst von":"WeRoad Team","Gesch\u00e4tzte Lesezeit":"8\u00a0Minuten"},"schema":{"@context":"https:\/\/schema.org","@graph":[{"@type":"Article","@id":"https:\/\/www.weroad.de\/blog\/beste-reisezeit-kapverden#article","isPartOf":{"@id":"https:\/\/www.weroad.de\/blog\/beste-reisezeit-kapverden"},"author":{"name":"WeRoad Team","@id":"https:\/\/www.weroad.de\/blog\/#\/schema\/person\/8324f78b72cf1c62146e3903f16720d0"},"headline":"Beste Reisezeit Kapverden: Klima, Temperaturen und Tipps f\u00fcr jede Insel","datePublished":"2026-04-27T10:44:07+00:00","mainEntityOfPage":{"@id":"https:\/\/www.weroad.de\/blog\/beste-reisezeit-kapverden"},"wordCount":1343,"image":{"@id":"https:\/\/www.weroad.de\/blog\/beste-reisezeit-kapverden#primaryimage"},"thumbnailUrl":"https:\/\/www.weroad.de\/blog\/wp-content\/uploads\/2026\/04\/beste-reisezeit-kapverden-Zynvc.jpg","articleSection":["Beste Reisezeit"],"inLanguage":"de"},{"@type":"WebPage","@id":"https:\/\/www.weroad.de\/blog\/beste-reisezeit-kapverden","url":"https:\/\/www.weroad.de\/blog\/beste-reisezeit-kapverden","name":"Beste Reisezeit Kapverden: Klima, Inseln & Tipps | WeRoad","isPartOf":{"@id":"https:\/\/www.weroad.de\/blog\/#website"},"primaryImageOfPage":{"@id":"https:\/\/www.weroad.de\/blog\/beste-reisezeit-kapverden#primaryimage"},"image":{"@id":"https:\/\/www.weroad.de\/blog\/beste-reisezeit-kapverden#primaryimage"},"thumbnailUrl":"https:\/\/www.weroad.de\/blog\/wp-content\/uploads\/2026\/04\/beste-reisezeit-kapverden-Zynvc.jpg","datePublished":"2026-04-27T10:44:07+00:00","author":{"@id":"https:\/\/www.weroad.de\/blog\/#\/schema\/person\/8324f78b72cf1c62146e3903f16720d0"},"description":"Wann sind die Kapverden am sch\u00f6nsten? Entdecke Klima, Temperaturen und die beste Reisezeit f\u00fcr jede Insel \u2013 mit praktischen Tipps.","breadcrumb":{"@id":"https:\/\/www.weroad.de\/blog\/beste-reisezeit-kapverden#breadcrumb"},"inLanguage":"de","potentialAction":[{"@type":"ReadAction","target":["https:\/\/www.weroad.de\/blog\/beste-reisezeit-kapverden"]}]},{"@type":"ImageObject","inLanguage":"de","@id":"https:\/\/www.weroad.de\/blog\/beste-reisezeit-kapverden#primaryimage","url":"https:\/\/www.weroad.de\/blog\/wp-content\/uploads\/2026\/04\/beste-reisezeit-kapverden-Zynvc.jpg","contentUrl":"https:\/\/www.weroad.de\/blog\/wp-content\/uploads\/2026\/04\/beste-reisezeit-kapverden-Zynvc.jpg","width":1920,"height":1277},{"@type":"BreadcrumbList","@id":"https:\/\/www.weroad.de\/blog\/beste-reisezeit-kapverden#breadcrumb","itemListElement":[{"@type":"ListItem","position":1,"name":"Home","item":"https:\/\/www.weroad.de\/blog\/"},{"@type":"ListItem","position":2,"name":"Beste Reisezeit Kapverden: Klima, Temperaturen und Tipps f\u00fcr jede Insel"}]},{"@type":"WebSite","@id":"https:\/\/www.weroad.de\/blog\/#website","url":"https:\/\/www.weroad.de\/blog\/","name":"Stories","description":"A blog by WeRoad","potentialAction":[{"@type":"SearchAction","target":{"@type":"EntryPoint","urlTemplate":"https:\/\/www.weroad.de\/blog\/?s={search_term_string}"},"query-input":{"@type":"PropertyValueSpecification","valueRequired":true,"valueName":"search_term_string"}}],"inLanguage":"de"},{"@type":"Person","@id":"https:\/\/www.weroad.de\/blog\/#\/schema\/person\/8324f78b72cf1c62146e3903f16720d0","name":"WeRoad Team","image":{"@type":"ImageObject","inLanguage":"de","@id":"https:\/\/www.weroad.de\/blog\/#\/schema\/person\/image\/","url":"https:\/\/secure.gravatar.com\/avatar\/29551bd254dd2356c2ccb2eb558e1779?s=96&d=mm&r=g","contentUrl":"https:\/\/secure.gravatar.com\/avatar\/29551bd254dd2356c2ccb2eb558e1779?s=96&d=mm&r=g","caption":"WeRoad Team"}}]}},"_links":{"self":[{"href":"https:\/\/www.weroad.de\/blog\/wp-json\/wp\/v2\/posts\/4724","targetHints":{"allow":["GET"]}}],"collection":[{"href":"https:\/\/www.weroad.de\/blog\/wp-json\/wp\/v2\/posts"}],"about":[{"href":"https:\/\/www.weroad.de\/blog\/wp-json\/wp\/v2\/types\/post"}],"author":[{"embeddable":true,"href":"https:\/\/www.weroad.de\/blog\/wp-json\/wp\/v2\/users\/3"}],"replies":[{"embeddable":true,"href":"https:\/\/www.weroad.de\/blog\/wp-json\/wp\/v2\/comments?post=4724"}],"version-history":[{"count":4,"href":"https:\/\/www.weroad.de\/blog\/wp-json\/wp\/v2\/posts\/4724\/revisions"}],"predecessor-version":[{"id":4738,"href":"https:\/\/www.weroad.de\/blog\/wp-json\/wp\/v2\/posts\/4724\/revisions\/4738"}],"wp:featuredmedia":[{"embeddable":true,"href":"https:\/\/www.weroad.de\/blog\/wp-json\/wp\/v2\/media\/4726"}],"wp:attachment":[{"href":"https:\/\/www.weroad.de\/blog\/wp-json\/wp\/v2\/media?parent=4724"}],"wp:term":[{"taxonomy":"category","embeddable":true,"href":"https:\/\/www.weroad.de\/blog\/wp-json\/wp\/v2\/categories?post=4724"},{"taxonomy":"mete","embeddable":true,"href":"https:\/\/www.weroad.de\/blog\/wp-json\/wp\/v2\/mete?post=4724"}],"curies":[{"name":"wp","href":"https:\/\/api.w.org\/{rel}","templated":true}]}}